{"id":9773,"date":"2025-06-18T08:00:32","date_gmt":"2025-06-18T08:00:32","guid":{"rendered":"https:\/\/www.lantierideparatico.it\/festival-del-franciacorta-visita-guidata-alla-cantina-con-degustazione-sabato-20-settembre-ore-1030\/"},"modified":"2025-06-18T09:05:26","modified_gmt":"2025-06-18T09:05:26","slug":"festival-del-franciacorta-visita-guidata-alla-cantina-con-degustazione-sabato-20-settembre-ore-1030","status":"publish","type":"post","link":"https:\/\/www.lantierideparatico.it\/en\/festival-del-franciacorta-visita-guidata-alla-cantina-con-degustazione-sabato-20-settembre-ore-1030\/","title":{"rendered":"Festival del Franciacorta &#8211; VISITA GUIDATA ALLA CANTINA CON DEGUSTAZIONE \u2013 Sabato 20 settembre ore 10,30"},"content":{"rendered":"\n<p>Un tour guidato attraverso le volte seicentesche della nostra Cantina storica e le aree pi\u00f9 moderne dedicate alla vinificazione dei nostri Franciacorta. <\/p>\n\n\n\n<p>La visita \u00e8 un racconto che parla di territorio, storia, metodo, e passione, che insieme alla degustazione vi condurr\u00e0 attraverso un viaggio sensoriale tra i profumi del vino appena fermentato, i colori di fine estate che cedono il posto all\u2019autunno, e le effervescenti emozioni sprigionate nel bicchiere di Franciacorta.<\/p>\n\n\n\n<p> I Franciacorta proposti in degustazione sono due classici agli antipodi: Extra Brut e Sat\u00e8n, e saranno accompagnati da un aperitivo.<\/p>\n\n\n\n<p><\/p>\n\n\n\n\n\n<figure class=\"wp-block-image size-large\"><img fetchpriority=\"high\" decoding=\"async\" width=\"1024\" height=\"1024\" src=\"https:\/\/www.lantierideparatico.it\/wp-content\/uploads\/2025\/06\/visita-cantina-1024x1024.jpg\" alt=\"\" class=\"wp-image-9745\" srcset=\"https:\/\/www.lantierideparatico.it\/wp-content\/uploads\/2025\/06\/visita-cantina-1024x1024.jpg 1024w, https:\/\/www.lantierideparatico.it\/wp-content\/uploads\/2025\/06\/visita-cantina-300x300.jpg 300w, https:\/\/www.lantierideparatico.it\/wp-content\/uploads\/2025\/06\/visita-cantina-150x150.jpg 150w, https:\/\/www.lantierideparatico.it\/wp-content\/uploads\/2025\/06\/visita-cantina-768x768.jpg 768w, https:\/\/www.lantierideparatico.it\/wp-content\/uploads\/2025\/06\/visita-cantina-450x450.jpg 450w, https:\/\/www.lantierideparatico.it\/wp-content\/uploads\/2025\/06\/visita-cantina-800x800.jpg 800w, https:\/\/www.lantierideparatico.it\/wp-content\/uploads\/2025\/06\/visita-cantina-100x100.jpg 100w, https:\/\/www.lantierideparatico.it\/wp-content\/uploads\/2025\/06\/visita-cantina-50x50.jpg 50w, https:\/\/www.lantierideparatico.it\/wp-content\/uploads\/2025\/06\/visita-cantina.jpg 1080w\" sizes=\"(max-width: 1024px) 100vw, 1024px\" \/><\/figure>\n","protected":false},"excerpt":{"rendered":"<p>Un tour guidato attraverso le volte seicentesche della nostra Cantina storica e le aree pi\u00f9 moderne dedicate alla vinificazione dei nostri Franciacorta. La visita \u00e8 un racconto che parla di territorio, storia, metodo, e passione, che insieme alla degustazione vi condurr\u00e0 attraverso un viaggio sensoriale tra i profumi del vino appena fermentato, i colori di [&hellip;]<\/p>\n","protected":false},"author":2,"featured_media":9746,"comment_status":"closed","ping_status":"closed","sticky":false,"template":"","format":"standard","meta":{"footnotes":""},"categories":[58],"tags":[],"class_list":["post-9773","post","type-post","status-publish","format-standard","has-post-thumbnail","hentry","category-news-en"],"_links":{"self":[{"href":"https:\/\/www.lantierideparatico.it\/en\/wp-json\/wp\/v2\/posts\/9773","targetHints":{"allow":["GET"]}}],"collection":[{"href":"https:\/\/www.lantierideparatico.it\/en\/wp-json\/wp\/v2\/posts"}],"about":[{"href":"https:\/\/www.lantierideparatico.it\/en\/wp-json\/wp\/v2\/types\/post"}],"author":[{"embeddable":true,"href":"https:\/\/www.lantierideparatico.it\/en\/wp-json\/wp\/v2\/users\/2"}],"replies":[{"embeddable":true,"href":"https:\/\/www.lantierideparatico.it\/en\/wp-json\/wp\/v2\/comments?post=9773"}],"version-history":[{"count":0,"href":"https:\/\/www.lantierideparatico.it\/en\/wp-json\/wp\/v2\/posts\/9773\/revisions"}],"wp:featuredmedia":[{"embeddable":true,"href":"https:\/\/www.lantierideparatico.it\/en\/wp-json\/wp\/v2\/media\/9746"}],"wp:attachment":[{"href":"https:\/\/www.lantierideparatico.it\/en\/wp-json\/wp\/v2\/media?parent=9773"}],"wp:term":[{"taxonomy":"category","embeddable":true,"href":"https:\/\/www.lantierideparatico.it\/en\/wp-json\/wp\/v2\/categories?post=9773"},{"taxonomy":"post_tag","embeddable":true,"href":"https:\/\/www.lantierideparatico.it\/en\/wp-json\/wp\/v2\/tags?post=9773"}],"curies":[{"name":"wp","href":"https:\/\/api.w.org\/{rel}","templated":true}]}}