{"id":9876,"date":"2025-09-25T11:31:07","date_gmt":"2025-09-25T11:31:07","guid":{"rendered":"https:\/\/www.lantierideparatico.it\/falstaff-freschi-forti-franciacortini-il-rinnovamento-delle-nuove-generazioni\/"},"modified":"2025-10-15T07:50:57","modified_gmt":"2025-10-15T07:50:57","slug":"falstaff-freschi-forti-franciacortini-il-rinnovamento-delle-nuove-generazioni","status":"publish","type":"post","link":"https:\/\/www.lantierideparatico.it\/en\/falstaff-freschi-forti-franciacortini-il-rinnovamento-delle-nuove-generazioni\/","title":{"rendered":"falstaff | Freschi, forti, franciacortini: il rinnovamento delle nuove generazioni"},"content":{"rendered":"\t\t<div data-elementor-type=\"wp-post\" data-elementor-id=\"9876\" class=\"elementor elementor-9876 elementor-9818\">\n\t\t\t\t<div class=\"elementor-element elementor-element-f3003eb e-flex e-con-boxed e-con e-parent\" data-id=\"f3003eb\" data-element_type=\"container\">\n\t\t\t\t\t<div class=\"e-con-inner\">\n\t\t\t\t<div class=\"elementor-element elementor-element-8d11ad8 elementor-widget elementor-widget-image\" data-id=\"8d11ad8\" data-element_type=\"widget\" data-widget_type=\"image.default\">\n\t\t\t\t<div class=\"elementor-widget-container\">\n\t\t\t\t\t\t\t\t\t\t\t\t\t\t\t<img fetchpriority=\"high\" decoding=\"async\" width=\"900\" height=\"550\" src=\"https:\/\/www.lantierideparatico.it\/wp-content\/uploads\/2025\/09\/Screenshot-2025-09-25-132731-1024x626.png\" class=\"attachment-large size-large wp-image-9821\" alt=\"\" srcset=\"https:\/\/www.lantierideparatico.it\/wp-content\/uploads\/2025\/09\/Screenshot-2025-09-25-132731-1024x626.png 1024w, https:\/\/www.lantierideparatico.it\/wp-content\/uploads\/2025\/09\/Screenshot-2025-09-25-132731-300x183.png 300w, https:\/\/www.lantierideparatico.it\/wp-content\/uploads\/2025\/09\/Screenshot-2025-09-25-132731-768x469.png 768w, https:\/\/www.lantierideparatico.it\/wp-content\/uploads\/2025\/09\/Screenshot-2025-09-25-132731-450x275.png 450w, https:\/\/www.lantierideparatico.it\/wp-content\/uploads\/2025\/09\/Screenshot-2025-09-25-132731-800x489.png 800w, https:\/\/www.lantierideparatico.it\/wp-content\/uploads\/2025\/09\/Screenshot-2025-09-25-132731.png 1398w\" sizes=\"(max-width: 900px) 100vw, 900px\" \/>\t\t\t\t\t\t\t\t\t\t\t\t\t\t\t<\/div>\n\t\t\t\t<\/div>\n\t\t\t\t\t<\/div>\n\t\t\t\t<\/div>\n\t\t<div class=\"elementor-element elementor-element-737be24 e-flex e-con-boxed e-con e-parent\" data-id=\"737be24\" data-element_type=\"container\">\n\t\t\t\t\t<div class=\"e-con-inner\">\n\t\t\t\t<div class=\"elementor-element elementor-element-ce2ff8e elementor-widget elementor-widget-text-editor\" data-id=\"ce2ff8e\" data-element_type=\"widget\" data-widget_type=\"text-editor.default\">\n\t\t\t\t<div class=\"elementor-widget-container\">\n\t\t\t\t\t\t\t\t\t<p>&gt; <a href=\"https:\/\/www.falstaff.com\/it\/notizie\/freschi-forti-franciacortini-il-rinnovamento-delle-nuove-generazioni\" target=\"_blank\" rel=\"noopener\"><strong>L&#8217;eggi l&#8217;articolo<\/strong><\/a><\/p>\t\t\t\t\t\t\t\t<\/div>\n\t\t\t\t<\/div>\n\t\t\t\t\t<\/div>\n\t\t\t\t<\/div>\n\t\t<div class=\"elementor-element elementor-element-68f7d99 e-flex e-con-boxed e-con e-parent\" data-id=\"68f7d99\" data-element_type=\"container\">\n\t\t\t\t\t<div class=\"e-con-inner\">\n\t\t\t\t<div class=\"elementor-element elementor-element-2250d4a elementor-widget elementor-widget-text-editor\" data-id=\"2250d4a\" data-element_type=\"widget\" data-widget_type=\"text-editor.default\">\n\t\t\t\t<div class=\"elementor-widget-container\">\n\t\t\t\t\t\t\t\t\t<h3 class=\"h2 article-detail__title\">Freschi, forti, franciacortini: il rinnovamento delle nuove generazioni<\/h3>\t\t\t\t\t\t\t\t<\/div>\n\t\t\t\t<\/div>\n\t\t\t\t\t<\/div>\n\t\t\t\t<\/div>\n\t\t<div class=\"elementor-element elementor-element-fe9cad7 e-flex e-con-boxed e-con e-parent\" data-id=\"fe9cad7\" data-element_type=\"container\">\n\t\t\t\t\t<div class=\"e-con-inner\">\n\t\t\t\t<div class=\"elementor-element elementor-element-ff9557c elementor-widget elementor-widget-text-editor\" data-id=\"ff9557c\" data-element_type=\"widget\" data-widget_type=\"text-editor.default\">\n\t\t\t\t<div class=\"elementor-widget-container\">\n\t\t\t\t\t\t\t\t\t<h5>C\u2019\u00e8 un\u2019Italia del vino che non ha paura di guardare avanti. In Franciacorta il futuro ha gi\u00e0 un volto, quello dei giovani produttori che si fanno interpreti di un\u2019eredit\u00e0 piuttosto recente, ma preziosa, senza smarrire la capacit\u00e0 di parlare il linguaggio del presente.<\/h5>\t\t\t\t\t\t\t\t<\/div>\n\t\t\t\t<\/div>\n\t\t\t\t\t<\/div>\n\t\t\t\t<\/div>\n\t\t<div class=\"elementor-element elementor-element-5ca6c8a e-flex e-con-boxed e-con e-parent\" data-id=\"5ca6c8a\" data-element_type=\"container\">\n\t\t\t\t\t<div class=\"e-con-inner\">\n\t\t\t\t<div class=\"elementor-element elementor-element-bc9687a elementor-widget elementor-widget-text-editor\" data-id=\"bc9687a\" data-element_type=\"widget\" data-widget_type=\"text-editor.default\">\n\t\t\t\t<div class=\"elementor-widget-container\">\n\t\t\t\t\t\t\t\t\t<p>Nel cuore della <strong>Lombardia<\/strong>, tra colline che si specchiano nel Lago d\u2019Iseo, la <a href=\"https:\/\/www.falstaff.com\/it\/regionivitivinicole\/italia-terre-di-franciacorta\">Franciacorta<\/a>\u00a0\u00e8 oggi molto pi\u00f9 di una denominazione: \u00e8 un modello di comunit\u00e0. Un territorio che ha saputo costruire un brand riconosciuto a livello internazionale grazie a un Consorzio coeso e lungimirante. La nuova stagione, guidata dal <strong>presidente Emanuele Rabotti<\/strong> \u2013 figlio di Paolo, cofondatore del Consorzio nel 1990 \u2013 segna il passaggio a una generazione che unisce radici profonde e apertura al futuro, puntando su sostenibilit\u00e0, innovazione e condivisione.<\/p><p>Negli ultimi anni, il <strong>Consorzio<\/strong> ha intrapreso un percorso di rinnovamento capace di fare la differenza. La nascita delle <strong>Unit\u00e0 Geografiche Aggiuntive<\/strong> ha aperto la strada a una valorizzazione pi\u00f9 puntuale delle peculiarit\u00e0 territoriali, mentre <strong>l\u2019immagine del marchio ha assunto una veste pi\u00f9 moderna e incisiva<\/strong>, capace di raccontare non solo il vino, ma anche la biodiversit\u00e0 e la vocazione culturale di questa terra. La crescita dell\u2019export ha consolidato il posizionamento internazionale, con numeri che testimoniano una progressione costante e significativa. A questo si sono aggiunte iniziative di grande visibilit\u00e0, come le collaborazioni con circuiti enogastronomici internazionali, che hanno rafforzato ulteriormente la reputazione del Franciacorta come ambasciatore dell\u2019eccellenza italiana. In pi\u00f9, la denominazione vanta una categoria di vino spumante unica al mondo: il <strong>Sat\u00e8n<\/strong>.<\/p><div class=\"content-row content__text \"><div class=\"content-row__main content-area\"><h2>Giovani e Sat\u00e8n: un dialogo che guarda lontano<\/h2><p>Il cuore pulsante di questo rinnovamento \u00e8 rappresentato dalle <strong>nuove generazioni<\/strong>. Giovani produttori e imprenditori si fanno oggi portavoce di un\u2019energia nuova: conoscono il peso della storia che hanno ereditato, ma sono pronti a interpretarla con strumenti contemporanei. Sensibilit\u00e0 ambientale, capacit\u00e0 di dialogo con i mercati globali e uso sapiente della comunicazione digitale sono le cifre stilistiche con cui questi ragazzi e ragazze stanno arricchendo <strong>il patrimonio di un territorio che vive di identit\u00e0 collettiva.<\/strong><\/p><p><strong>Falstaff Italia<\/strong> ha avuto l\u2019opportunit\u00e0 di partecipare a una seduta riservata ai giovani franciacortini, un momento che ha mostrato con chiarezza lo spirito di questa nuova generazione. Al centro del confronto c\u2019era il Sat\u00e8n, tipologia identitaria, ma talvolta ingiustamente trascurata nel racconto complessivo del Franciacorta. Con una produzione annua attorno a <strong>1,5 milioni di bottiglie<\/strong>, il <strong>Sat\u00e8n<\/strong> gioca un ruolo ancora inferiore a quello del Franciacorta Ros\u00e9. Le voci erano diverse, come diverse sono le storie aziendali da cui ciascuno proveniva: c\u2019era chi rivendicava la storicit\u00e0 del Sat\u00e8n e chi, invece, cercava nuove strade per raccontarlo al pubblico contemporaneo. Il dialogo si \u00e8 concentrato sia sugli aspetti disciplinari \u2013 con l\u2019esigenza di mantenere l\u2019integrit\u00e0 normativa e preservare la riconoscibilit\u00e0 del vino \u2013 sia sul piano comunicativo, con la volont\u00e0 di restituire al Sat\u00e8n una centralit\u00e0 narrativa, sottolineandone eleganza, setosit\u00e0 e finezza, ma anche la capacit\u00e0 di esprimere il volto pi\u00f9 intimo e autentico del territorio. L\u2019impressione \u00e8 stata quella di una generazione capace di mettere da parte le differenze per ricercare un obiettivo comune: restituire dignit\u00e0 e visibilit\u00e0 a un vino che incarna l\u2019essenza del <strong>Franciacorta<\/strong>.<\/p><\/div><\/div>\t\t\t\t\t\t\t\t<\/div>\n\t\t\t\t<\/div>\n\t\t\t\t\t<\/div>\n\t\t\t\t<\/div>\n\t\t<div class=\"elementor-element elementor-element-7dedef6 e-flex e-con-boxed e-con e-parent\" data-id=\"7dedef6\" data-element_type=\"container\">\n\t\t\t\t\t<div class=\"e-con-inner\">\n\t\t\t\t<div class=\"elementor-element elementor-element-10ec0fd elementor-widget elementor-widget-text-editor\" data-id=\"10ec0fd\" data-element_type=\"widget\" data-widget_type=\"text-editor.default\">\n\t\t\t\t<div class=\"elementor-widget-container\">\n\t\t\t\t\t\t\t\t\t<p><strong>Lantieri de Paratico<\/strong><br \/>La famiglia <a href=\"https:\/\/www.falstaff.com\/it\/produttori\/lantieri-de-paratico\">Lantieri<\/a>, storicamente attiva nella viticoltura fin dal 1400, ha fondato l\u2019attuale azienda nel 1974. Oggi la terza generazione, con le sorelle <strong>Gaia<\/strong> ed <strong>Isabella<\/strong> <strong>Lantieri<\/strong>, porta avanti la cantina con sede a Capriolo e vigneti ad Adro nella zona di Colzano. La superficie vitata \u00e8 di circa 25 ettari, su suoli morenici e calcarei. Il loro Sat\u00e8n \u00e8 prodotto da Chardonnay in purezza, con il 20% del vino base fermentato in rovere. L\u2019affinamento dura circa <strong>30 mesi sui lieviti<\/strong>, pur trattandosi di un \u201cnon millesimato\u201d, e il <strong>dosaggio si attesta a 5,6 g\/l<\/strong>. Lo stile \u00e8 fresco e minerale, ma al contempo strutturato, pensato per essere facilmente abbinabile ai piatti della tavola, non solo da aperitivo. La produzione totale \u00e8 di circa 150.000 bottiglie annue.<\/p>\t\t\t\t\t\t\t\t<\/div>\n\t\t\t\t<\/div>\n\t\t\t\t\t<\/div>\n\t\t\t\t<\/div>\n\t\t<div class=\"elementor-element elementor-element-48d62d0 e-flex e-con-boxed e-con e-parent\" data-id=\"48d62d0\" data-element_type=\"container\">\n\t\t\t\t\t<div class=\"e-con-inner\">\n\t\t\t\t<div class=\"elementor-element elementor-element-9ecb89b elementor-widget elementor-widget-text-editor\" data-id=\"9ecb89b\" data-element_type=\"widget\" data-widget_type=\"text-editor.default\">\n\t\t\t\t<div class=\"elementor-widget-container\">\n\t\t\t\t\t\t\t\t\t<p>&gt; <a href=\"https:\/\/www.falstaff.com\/it\/notizie\/freschi-forti-franciacortini-il-rinnovamento-delle-nuove-generazioni\" target=\"_blank\" rel=\"noopener\"><strong>L&#8217;eggi l&#8217;articolo<\/strong><\/a><\/p>\t\t\t\t\t\t\t\t<\/div>\n\t\t\t\t<\/div>\n\t\t\t\t\t<\/div>\n\t\t\t\t<\/div>\n\t\t<div class=\"elementor-element elementor-element-87e74f7 e-flex e-con-boxed e-con e-parent\" data-id=\"87e74f7\" data-element_type=\"container\">\n\t\t\t\t\t<div class=\"e-con-inner\">\n\t\t\t\t<div class=\"elementor-element elementor-element-1a1c232 elementor-widget elementor-widget-spacer\" data-id=\"1a1c232\" data-element_type=\"widget\" data-widget_type=\"spacer.default\">\n\t\t\t\t<div class=\"elementor-widget-container\">\n\t\t\t\t\t\t\t<div class=\"elementor-spacer\">\n\t\t\t<div class=\"elementor-spacer-inner\"><\/div>\n\t\t<\/div>\n\t\t\t\t\t\t<\/div>\n\t\t\t\t<\/div>\n\t\t\t\t\t<\/div>\n\t\t\t\t<\/div>\n\t\t\t\t<\/div>\n\t\t","protected":false},"excerpt":{"rendered":"<p>&gt; L&#8217;eggi l&#8217;articolo Freschi, forti, franciacortini: il rinnovamento delle nuove generazioni C\u2019\u00e8 un\u2019Italia del vino che non ha paura di guardare avanti. In Franciacorta il futuro ha gi\u00e0 un volto, quello dei giovani produttori che si fanno interpreti di un\u2019eredit\u00e0 piuttosto recente, ma preziosa, senza smarrire la capacit\u00e0 di parlare il linguaggio del presente. Nel [&hellip;]<\/p>\n","protected":false},"author":2,"featured_media":9821,"comment_status":"closed","ping_status":"closed","sticky":false,"template":"elementor_header_footer","format":"standard","meta":{"footnotes":""},"categories":[58,1,61],"tags":[],"class_list":["post-9876","post","type-post","status-publish","format-standard","has-post-thumbnail","hentry","category-news-en","category-non-categorizzato","category-press-en"],"_links":{"self":[{"href":"https:\/\/www.lantierideparatico.it\/en\/wp-json\/wp\/v2\/posts\/9876","targetHints":{"allow":["GET"]}}],"collection":[{"href":"https:\/\/www.lantierideparatico.it\/en\/wp-json\/wp\/v2\/posts"}],"about":[{"href":"https:\/\/www.lantierideparatico.it\/en\/wp-json\/wp\/v2\/types\/post"}],"author":[{"embeddable":true,"href":"https:\/\/www.lantierideparatico.it\/en\/wp-json\/wp\/v2\/users\/2"}],"replies":[{"embeddable":true,"href":"https:\/\/www.lantierideparatico.it\/en\/wp-json\/wp\/v2\/comments?post=9876"}],"version-history":[{"count":1,"href":"https:\/\/www.lantierideparatico.it\/en\/wp-json\/wp\/v2\/posts\/9876\/revisions"}],"predecessor-version":[{"id":9877,"href":"https:\/\/www.lantierideparatico.it\/en\/wp-json\/wp\/v2\/posts\/9876\/revisions\/9877"}],"wp:featuredmedia":[{"embeddable":true,"href":"https:\/\/www.lantierideparatico.it\/en\/wp-json\/wp\/v2\/media\/9821"}],"wp:attachment":[{"href":"https:\/\/www.lantierideparatico.it\/en\/wp-json\/wp\/v2\/media?parent=9876"}],"wp:term":[{"taxonomy":"category","embeddable":true,"href":"https:\/\/www.lantierideparatico.it\/en\/wp-json\/wp\/v2\/categories?post=9876"},{"taxonomy":"post_tag","embeddable":true,"href":"https:\/\/www.lantierideparatico.it\/en\/wp-json\/wp\/v2\/tags?post=9876"}],"curies":[{"name":"wp","href":"https:\/\/api.w.org\/{rel}","templated":true}]}}